{"id":10851,"global_id":"hei.eus\/es?id=10851","global_id_lineage":["hei.eus\/es?id=10851"],"author":"2","status":"publish","date":"2019-12-19 10:10:38","date_utc":"2019-12-19 09:10:38","modified":"2019-12-31 20:53:17","modified_utc":"2019-12-31 19:53:17","url":"https:\/\/hei.eus\/es\/eventos\/taller-de-habilidades-sociales-gestion-positiva-del-conflicto\/","rest_url":"https:\/\/hei.eus\/es\/wp-json\/tribe\/events\/v1\/events\/10851","title":"Taller de habilidades sociales. Gesti\u00f3n positiva del conflicto","description":"<p> <!--ODT--> <\/p>\n<p>Curso incluido dentro de <a href=\"https:\/\/www.vitoria-gasteiz.org\/wb021\/was\/contenidoAction.do?uid=u12aa3e5_1576eff20cf__7e8b&amp;alias=&amp;idioma=es\">HEI Escuela Abierta de la Ciudadan\u00eda<\/a><\/p>\n<p><img decoding=\"async\" src=\"https:\/\/www.vitoria-gasteiz.org\/docs\/wb021\/img\/gestor\/83\/81\/gi_48381.jpg\" alt=\"\" \/><\/p>\n<p><strong>Fecha<\/strong>: 9,16,23 de abril y 7 de mayo.<\/p>\n<p><strong>Horario<\/strong>: 18:00 \u2013 20:00 (4 sesiones de 2 horas de duraci\u00f3n)<\/p>\n<p><strong>Idioma<\/strong>: euskera<\/p>\n<p><strong>Lugar<\/strong>: Casa de Asociaciones Simone de Beauvoir (San Ignacio de Loyola, 8)<\/p>\n<p><strong>Dirigido a<\/strong>: ciudadan\u00eda, personal t\u00e9cnico municipal y representantes pol\u00edticos.<\/p>\n<h4>Objetivo:<\/h4>\n<ul>\n<li>Entrenar y trabajar competencias efectivas para afrontar la principal amenaza de los equipos: los desacuerdos y con\ufb02ictos.<\/li>\n<li>Identi\ufb01car el impacto de las emociones sobre los equipos de trabajo. Emociones y energ\u00eda en los equipos: el movimiento hacia la acci\u00f3n.<\/li>\n<li>Aprender a gestionar positivamente el con\ufb02icto, desde la utilizaci\u00f3n creativa del mismo.<\/li>\n<\/ul>\n<h4>Programa:<\/h4>\n<p>1.- La comprensi\u00f3n del con\ufb02icto. \u00bfC\u00f3mo se genera el con\ufb02icto?<\/p>\n<ul>\n<li>Origen y evoluci\u00f3n<\/li>\n<\/ul>\n<p>2.- Un nuevo paradigma para afrontar el con\ufb02icto: Trabajo global<\/p>\n<p>3.- Descubrir nuestra implicaci\u00f3n personal en el con\ufb02icto: Autoconciencia<\/p>\n<p>4.- La emocionalidad en los equipos<\/p>\n<ul>\n<li>Emociones y su funcionamiento<\/li>\n<li>Estados de \u00e1nimo b\u00e1sicos: \u00bfQu\u00e9 hacer con ellos?<\/li>\n<\/ul>\n<p>5.- Gesti\u00f3n positiva y constructiva del con\ufb02icto: T\u00e9cnicas de negociaci\u00f3n<\/p>\n<h4>Metodolog\u00eda:<\/h4>\n<p>Participativa y eminentemente pr\u00e1ctica. Se propone trabajar con casos reales de di\ufb01cultades y con\ufb02ictos en los que los participantes se hayan visto implicados. Se utilizar\u00e1n, adem\u00e1s, din\u00e1micas de grupo combinadas con ejercicios de re\ufb02exi\u00f3n y compromiso individual, as\u00ed como ejercicios vivenciales que permitan experimentar de forma sentida los conceptos y destrezas del programa.<\/p>\n<p><\/p>\n<div style=\"text-align: center\"><a href=\"https:\/\/www.vitoria-gasteiz.org\/j31-01w\/formularioViewer\/create?lang=es&amp;locale=es&amp;idioma=es&amp;formularioId=228\" class=\"tribe-events-button\">INSCR\u00cdBETE<\/a><\/div>\n<h4>Inscripciones<\/h4>\n<p>Entrada gratuita previa inscripci\u00f3n. La inscripci\u00f3n puede hacerse v\u00eda <a href=\"https:\/\/www.vitoria-gasteiz.org\/j31-01w\/formularioViewer\/create?lang=es&amp;locale=es&amp;idioma=es&amp;formularioId=228\">web<\/a>, llamando al tel\u00e9fono <a href=\"tel:010\" target=\"_blank\" rel=\"external noopener noreferrer\">010<\/a> (<a href=\"tel:+34945161100\" target=\"_blank\" rel=\"external noopener noreferrer\">945 161 100<\/a> si se llama desde fuera del municipio) o de manera presencial en las Oficinas de Atenci\u00f3n Ciudadana<\/p>\n<p>El plazo de inscripci\u00f3n estar\u00e1 abierto a partir del 20 de octubre de 2017. Las plazas de las actividades de la Escuela se adjudican por orden de inscripci\u00f3n.<\/p>\n<p>Si te has inscrito pero finalmente no puedes realizar la actividad, h\u00e1znoslo saber con anterioridad a la fecha del comienzo de la misma, llamando al 945 161687 \/ o en <a href=\"mailto:heieskola@vitoria-gasteiz.org\" target=\"_blank\" rel=\"external noopener noreferrer\">heieskola@vitoria-gasteiz.org<\/a>. La baja en la actividad generar\u00e1 la posibilidad de que otra persona pueda inscribirse en la plaza que dejas libre.<\/p>\n<p>Las actividades que no alcancen un n\u00famero m\u00ednimo de inscripciones podr\u00e1n ser suspendidas.<\/p>\n<p><\/p>","excerpt":"","slug":"taller-de-habilidades-sociales-gestion-positiva-del-conflicto","image":false,"all_day":false,"start_date":"2018-04-16 18:00","start_date_details":{"year":"2018","month":"04","day":"16","hour":"18","minutes":"00","seconds":"00"},"end_date":"2018-04-16 18:00","end_date_details":{"year":"2018","month":"04","day":"16","hour":"18","minutes":"00","seconds":"00"},"utc_start_date":"2018-04-16 16:00:00","utc_start_date_details":{"year":"2018","month":"04","day":"16","hour":"16","minutes":"00","seconds":"00"},"utc_end_date":"2018-04-16 16:00:00","utc_end_date_details":{"year":"2018","month":"04","day":"16","hour":"16","minutes":"00","seconds":"00"},"timezone":"Europe\/Madrid","timezone_abbr":"CET","cost":"","cost_details":{"currency_symbol":"","currency_code":"","currency_position":"prefix","values":[]},"website":"","show_map":false,"show_map_link":true,"hide_from_listings":false,"sticky":false,"featured":false,"categories":[{"name":"HEI EVENTOS","slug":"eventos","term_group":0,"term_taxonomy_id":129,"taxonomy":"tribe_events_cat","description":"","parent":0,"count":133,"filter":"raw","i18n_config":{"name":{"ts":{"es":"HEI EVENTOS","eu":"HEI EKITALDIAK"}}},"id":129,"urls":{"self":"https:\/\/hei.eus\/es\/wp-json\/tribe\/events\/v1\/categories\/129","collection":"https:\/\/hei.eus\/es\/wp-json\/tribe\/events\/v1\/categories"}}],"tags":[],"venue":[],"organizer":[{"id":82,"author":"2","status":"publish","date":"2019-12-18 10:12:40","date_utc":"2019-12-18 09:12:40","modified":"2019-12-23 07:09:08","modified_utc":"2019-12-23 06:09:08","url":"https:\/\/hei.eus\/es\/organizador\/esescuela-abierta-de-la-ciudadania-heieuherritartasunerako-eskola-irekia-hei\/","organizer":"Escuela Abierta de la Ciudadan\u00eda (HEI)","slug":"esescuela-abierta-de-la-ciudadania-heieuherritartasunerako-eskola-irekia-hei","json_ld":{"@type":"Person","name":"Escuela Abierta de la Ciudadan\u00eda (HEI)","description":"","url":"","telephone":"","email":"","sameAs":""},"global_id":"hei.eus\/es?id=82","global_id_lineage":["hei.eus\/es?id=82"]}],"custom_fields":[],"json_ld":{"@context":"http:\/\/schema.org","@type":"Event","name":"Taller de habilidades sociales. Gesti\u00f3n positiva del conflicto","description":"&lt;p&gt;Curso incluido dentro de HEI Escuela Abierta de la Ciudadan\u00eda [&hellip;]&lt;\/p&gt;\\n","url":"https:\/\/hei.eus\/es\/eventos\/taller-de-habilidades-sociales-gestion-positiva-del-conflicto\/","eventAttendanceMode":"https:\/\/schema.org\/OfflineEventAttendanceMode","eventStatus":"https:\/\/schema.org\/EventScheduled","startDate":"2018-04-16T18:00:00+02:00","endDate":"2018-04-16T18:00:00+02:00","organizer":{"@type":"Person","name":"Escuela Abierta de la Ciudadan\u00eda (HEI)","description":"","url":"","telephone":"","email":"","sameAs":""},"performer":"Organization"}}