{"id":18453,"global_id":"hei.eus\/es?id=18453","global_id_lineage":["hei.eus\/es?id=18453"],"author":"2","status":"publish","date":"2019-12-25 07:08:39","date_utc":"2019-12-25 06:08:39","modified":"2019-12-31 20:53:28","modified_utc":"2019-12-31 19:53:28","url":"https:\/\/hei.eus\/es\/eventos\/hei-charla-cultural-historia-de-vitoria-gasteiz\/","rest_url":"https:\/\/hei.eus\/es\/wp-json\/tribe\/events\/v1\/events\/18453","title":"HEI Charla cultural: Historia de Vitoria-Gasteiz","description":"<p> <!--ODT--> <\/p>\n<p>Curso incluido dentro de <a href=\"https:\/\/www.vitoria-gasteiz.org\/wb021\/was\/contenidoAction.do?uid=u12aa3e5_1576eff20cf__7e8b&amp;alias=&amp;idioma=es\">HEI Escuela Abierta de la Ciudadan\u00eda<\/a><\/p>\n<p><img decoding=\"async\" src=\"https:\/\/www.vitoria-gasteiz.org\/docs\/wb021\/img\/gestor\/42\/58\/gi_54258.jpg\" alt=\"\" \/><\/p>\n<p><strong>Fecha<\/strong>: 25 de octubre<\/p>\n<p><strong>Horario<\/strong>: 18:00 \u2013 19:30<\/p>\n<p><strong>Idioma<\/strong>: castellano<\/p>\n<p><strong>Lugar<\/strong>: El Campillo<\/p>\n<p><strong>Dirigido a<\/strong>: ciudadan\u00eda<\/p>\n<p><strong>Ponentes<\/strong>: I\u00f1aki Jimenez y Juan Antonio Z\u00e1rate.<\/p>\n<p>Entrada gratuita previa inscripci\u00f3n (plazas:30)<\/p>\n<p>\u00bfD\u00f3nde viv\u00edan los primeros pobladores de Vitoria-Gasteiz? \u00bfLa muralla del Casco Viejo se hizo toda con el mismo rey? \u00bfQu\u00e9 pas\u00f3 en el incendio que casi asola la ciudad? \u00bfQu\u00e9 relaci\u00f3n tuvo Vitoria-Gasteiz con los Reyes Cat\u00f3licos? \u00bfPor qu\u00e9 hay calles gremiales en el Casco? \u00bfC\u00f3mo se enamor\u00f3 la marquesa de Montehermoso de Napole\u00f3n? \u00bfQu\u00e9 importancia tiene Ajurianea en Vitoria-Gasteiz?<\/p>\n<p><\/p>\n<div style=\"text-align: center\"><a href=\"https:\/\/www.vitoria-gasteiz.org\/j31-01w\/formularioViewer\/create?formularioId=265\" class=\"tribe-events-button\">INSCR\u00cdBETE<\/a><\/div>\n<h4>Inscripciones<\/h4>\n<p>Entrada gratuita previa inscripci\u00f3n. La inscripci\u00f3n puede hacerse v\u00eda <a href=\"https:\/\/www.vitoria-gasteiz.org\/j31-01w\/formularioViewer\/create?formularioId=265\">web<\/a>, llamando al tel\u00e9fono <a href=\"tel:010\" target=\"_blank\" rel=\"external noopener noreferrer\">010<\/a> (<a href=\"tel:+34945161100\" target=\"_blank\" rel=\"external noopener noreferrer\">945 161 100<\/a> si se llama desde fuera del municipio) o de manera presencial en las Oficinas de Atenci\u00f3n Ciudadana<\/p>\n<p>El plazo de inscripci\u00f3n estar\u00e1 abierto a partir del 2 de octubre de 2018. Las plazas de las actividades de la Escuela se adjudican por orden de inscripci\u00f3n.<\/p>\n<p>Si te has inscrito pero finalmente no puedes realizar la actividad, h\u00e1znoslo saber con anterioridad a la fecha del comienzo de la misma, llamando al 945 161687 \/ o en <a href=\"mailto:heieskola@vitoria-gasteiz.org\" target=\"_blank\" rel=\"external noopener noreferrer\">heieskola@vitoria-gasteiz.org<\/a>. La baja en la actividad generar\u00e1 la posibilidad de que otra persona pueda inscribirse en la plaza que dejas libre.<\/p>\n<p>Se podr\u00e1 solicitar servicio de guarder\u00eda e int\u00e9rprete de lengua de signos, con 5 d\u00edas de antelaci\u00f3n a trav\u00e9s del correo electr\u00f3nico <a href=\"mailto:heieskola@vitoriagasteiz\" target=\"_blank\" rel=\"external noopener noreferrer\">heieskola@vitoriagasteiz.org<\/a> o en el tel\u00e9fono 945 16 16 87.<\/p>\n<p>Las actividades que no alcancen un n\u00famero m\u00ednimo de inscripciones podr\u00e1n ser suspendidas.<\/p>\n<p><\/p>","excerpt":"","slug":"hei-charla-cultural-historia-de-vitoria-gasteiz","image":false,"all_day":false,"start_date":"2018-10-25 18:00","start_date_details":{"year":"2018","month":"10","day":"25","hour":"18","minutes":"00","seconds":"00"},"end_date":"2018-10-25 18:00","end_date_details":{"year":"2018","month":"10","day":"25","hour":"18","minutes":"00","seconds":"00"},"utc_start_date":"2018-10-25 16:00:00","utc_start_date_details":{"year":"2018","month":"10","day":"25","hour":"16","minutes":"00","seconds":"00"},"utc_end_date":"2018-10-25 16:00:00","utc_end_date_details":{"year":"2018","month":"10","day":"25","hour":"16","minutes":"00","seconds":"00"},"timezone":"Europe\/Madrid","timezone_abbr":"CET","cost":"","cost_details":{"currency_symbol":"","currency_code":"","currency_position":"prefix","values":[]},"website":"","show_map":false,"show_map_link":true,"hide_from_listings":false,"sticky":false,"featured":false,"categories":[{"name":"HEI EVENTOS","slug":"eventos","term_group":0,"term_taxonomy_id":129,"taxonomy":"tribe_events_cat","description":"","parent":0,"count":133,"filter":"raw","i18n_config":{"name":{"ts":{"es":"HEI EVENTOS","eu":"HEI EKITALDIAK"}}},"id":129,"urls":{"self":"https:\/\/hei.eus\/es\/wp-json\/tribe\/events\/v1\/categories\/129","collection":"https:\/\/hei.eus\/es\/wp-json\/tribe\/events\/v1\/categories"}}],"tags":[],"venue":[],"organizer":[{"id":82,"author":"2","status":"publish","date":"2019-12-18 10:12:40","date_utc":"2019-12-18 09:12:40","modified":"2019-12-23 07:09:08","modified_utc":"2019-12-23 06:09:08","url":"https:\/\/hei.eus\/es\/organizador\/esescuela-abierta-de-la-ciudadania-heieuherritartasunerako-eskola-irekia-hei\/","organizer":"Escuela Abierta de la Ciudadan\u00eda (HEI)","slug":"esescuela-abierta-de-la-ciudadania-heieuherritartasunerako-eskola-irekia-hei","json_ld":{"@type":"Person","name":"Escuela Abierta de la Ciudadan\u00eda (HEI)","description":"","url":"","telephone":"","email":"","sameAs":""},"global_id":"hei.eus\/es?id=82","global_id_lineage":["hei.eus\/es?id=82"]}],"custom_fields":[],"json_ld":{"@context":"http:\/\/schema.org","@type":"Event","name":"HEI Charla cultural: Historia de Vitoria-Gasteiz","description":"&lt;p&gt;Curso incluido dentro de HEI Escuela Abierta de la Ciudadan\u00eda [&hellip;]&lt;\/p&gt;\\n","url":"https:\/\/hei.eus\/es\/eventos\/hei-charla-cultural-historia-de-vitoria-gasteiz\/","eventAttendanceMode":"https:\/\/schema.org\/OfflineEventAttendanceMode","eventStatus":"https:\/\/schema.org\/EventScheduled","startDate":"2018-10-25T18:00:00+02:00","endDate":"2018-10-25T18:00:00+02:00","organizer":{"@type":"Person","name":"Escuela Abierta de la Ciudadan\u00eda (HEI)","description":"","url":"","telephone":"","email":"","sameAs":""},"performer":"Organization"}}