{"id":284068,"global_id":"hei.eus\/es?id=284068","global_id_lineage":["hei.eus\/es?id=284068"],"author":"3","status":"publish","date":"2020-09-02 07:56:21","date_utc":"2020-09-02 05:56:21","modified":"2020-09-30 12:26:20","modified_utc":"2020-09-30 10:26:20","url":"https:\/\/hei.eus\/es\/eventos\/taller-hei-escucha-activa-y-empatia-curso-completo-inscribete-y-pasaras-a-formar-parte-de-la-lista-de-espera\/","rest_url":"https:\/\/hei.eus\/es\/wp-json\/tribe\/events\/v1\/events\/284068","title":"Taller HEI: Escucha activa y empat\u00eda. Curso completo. Inscr\u00edbete y pasar\u00e1s a formar parte de la lista de espera","description":"<p> <!--ODT--> <\/p>\n<p>Curso incluido dentro de <a href=\"https:\/\/www.vitoria-gasteiz.org\/wb021\/was\/contenidoAction.do?uid=u12aa3e5_1576eff20cf__7e8b&amp;alias=&amp;idioma=es\">HEI Escuela Abierta de la Ciudadan\u00eda<\/a><\/p>\n<p><img decoding=\"async\" src=\"https:\/\/www.vitoria-gasteiz.org\/docs\/wb021\/img\/gestor\/82\/55\/gi_48255.jpg\" alt=\"\" \/><\/p>\n<p><strong>2 ediciones<\/strong>:<\/p>\n<p><strong>1\u00aa edici\u00f3n<\/strong>:<\/p>\n<p><strong>Fecha<\/strong>: 26 y 28 de febrero<\/p>\n<p><strong>Horario<\/strong>: 15:30 \u2013 19:30 (8 horas en 2 sesiones de 4 horas)<\/p>\n<p><strong>Idioma<\/strong>: castellano<\/p>\n<p><strong>2\u00aa edici\u00f3n<\/strong>:<\/p>\n<p><strong>Fecha<\/strong>: 27 y 28 de marzo<\/p>\n<p><strong>Horario<\/strong>: 10:30 \u2013 14:30 (8 horas en 2 sesiones de 4 horas)<\/p>\n<p><strong>Idioma<\/strong>: castellano<\/p>\n<p><strong>Lugar<\/strong>: Centro c\u00edvico El Campillo<\/p>\n<p><strong>Dirigido a<\/strong>: ciudadan\u00eda, personal t\u00e9cnico municipal y representantes pol\u00edticos.<\/p>\n<h4>Objetivo:<\/h4>\n<ul>\n<li>Conocer y comprender nuestras limitaciones personales para escuchar activa y eficazmente.<\/li>\n<li>Aprender a escuchar para conversar mejor y comprender a otras personas.<\/li>\n<\/ul>\n<h4>Programa:<\/h4>\n<p>1.- Conversaci\u00f3n y relaci\u00f3n es lo mismo: la importancia de la escucha en la conversaci\u00f3n<\/p>\n<p>2.- Limitaciones a la escucha: creeencias, supuestos, excusas&#8230; \u00bfc\u00f3mo reconocerlas?<\/p>\n<p>3.- Aprendiendo a escuchar:<\/p>\n<p>-Voluntad de escucha<\/p>\n<p>-Observaci\u00f3n personal: darse cuenta<\/p>\n<p>&#8211; Claves de escucha activa<\/p>\n<p>4.- La escucha al m\u00e1ximo nivel: empat\u00eda.<\/p>\n<p>5.- La empat\u00eda como el arte de comprender emociones \u00bfc\u00f3mo desarrollar nuestra capacidad de empat\u00eda?<\/p>\n<h4>Metodolog\u00eda:<\/h4>\n<p>Pr\u00e1ctica, personal y participativa. Se utilizar\u00e1n ejercicios de reflexi\u00f3n y pr\u00e1ctica individual para que cada persona reconozca sus l\u00edmites a la escucha. Ejercicios y din\u00e1micas de grupo para trabajar claves efectivas de escucha activa, as\u00ed como ejercicios de rol play y vivenciales para trabajar la dimensi\u00f3n emocional de la escucha y empat\u00eda. La metodolog\u00eda a utilizar en el taller pretende, adem\u00e1s de facilitar el aprendizaje de la escucha, facilitar la transferencia y aplicaci\u00f3n de lo aprendido a situaciones reales de los participantes.<\/p>\n<p><\/p>\n<div style=\"text-align: center\"><a href=\"https:\/\/www.vitoria-gasteiz.org\/j31-01w\/formularioViewer\/create?formularioId=271\" class=\"tribe-events-button\">INSCR\u00cdBETE<\/a><\/div>\n<h4>Inscripciones<\/h4>\n<p>Entrada gratuita previa inscripci\u00f3n. La inscripci\u00f3n puede hacerse v\u00eda <a href=\"https:\/\/www.vitoria-gasteiz.org\/j31-01w\/formularioViewer\/create?formularioId=271\">web<\/a>, llamando al tel\u00e9fono <a href=\"tel:010\" target=\"_blank\" rel=\"external noopener noreferrer\">010<\/a> (<a href=\"tel:+34945161100\" target=\"_blank\" rel=\"external noopener noreferrer\">945 161 100<\/a> si se llama desde fuera del municipio) o de manera presencial en las Oficinas de Atenci\u00f3n Ciudadana<\/p>\n<p>El plazo de inscripci\u00f3n estar\u00e1 abierto a partir del 2 de octubre de 2018 Las plazas de las actividades de la Escuela se adjudican por orden de inscripci\u00f3n.<\/p>\n<p>Si te has inscrito pero finalmente no puedes realizar la actividad, h\u00e1znoslo saber con anterioridad a la fecha del comienzo de la misma, llamando al 945 161687 \/ o en heieskola@vitoria-gasteiz.org. La baja en la actividad generar\u00e1 la posibilidad de que otra persona pueda inscribirse en la plaza que dejas libre.<\/p>\n<p>Se podr\u00e1 solicitar servicio de guarder\u00eda e int\u00e9rprete de lengua de signos, con 5 d\u00edas de antelaci\u00f3n a trav\u00e9s del correo electr\u00f3nico <a href=\"mailto:heieskola@vitoriagasteiz\" target=\"_blank\" rel=\"external noopener noreferrer\">heieskola@vitoriagasteiz.org<\/a> o en el tel\u00e9fono 945 16 16 87.<\/p>\n<p>Las actividades que no alcancen un n\u00famero m\u00ednimo de inscripciones podr\u00e1n ser suspendidas.<\/p>\n<p><\/p>","excerpt":"","slug":"taller-hei-escucha-activa-y-empatia-curso-completo-inscribete-y-pasaras-a-formar-parte-de-la-lista-de-espera","image":false,"all_day":false,"start_date":"2019-02-26 15:30","start_date_details":{"year":"2019","month":"02","day":"26","hour":"15","minutes":"30","seconds":"00"},"end_date":"2019-02-26 15:30","end_date_details":{"year":"2019","month":"02","day":"26","hour":"15","minutes":"30","seconds":"00"},"utc_start_date":"2019-02-26 14:30:00","utc_start_date_details":{"year":"2019","month":"02","day":"26","hour":"14","minutes":"30","seconds":"00"},"utc_end_date":"2019-02-26 14:30:00","utc_end_date_details":{"year":"2019","month":"02","day":"26","hour":"14","minutes":"30","seconds":"00"},"timezone":"Europe\/Madrid","timezone_abbr":"CET","cost":"","cost_details":{"currency_symbol":"","currency_code":"","currency_position":"prefix","values":[]},"website":"","show_map":false,"show_map_link":true,"hide_from_listings":false,"sticky":false,"featured":false,"categories":[{"name":"HEI EVENTOS","slug":"eventos","term_group":0,"term_taxonomy_id":129,"taxonomy":"tribe_events_cat","description":"","parent":0,"count":133,"filter":"raw","i18n_config":{"name":{"ts":{"es":"HEI EVENTOS","eu":"HEI EKITALDIAK"}}},"id":129,"urls":{"self":"https:\/\/hei.eus\/es\/wp-json\/tribe\/events\/v1\/categories\/129","collection":"https:\/\/hei.eus\/es\/wp-json\/tribe\/events\/v1\/categories"}}],"tags":[],"venue":[],"organizer":[{"id":82,"author":"2","status":"publish","date":"2019-12-18 10:12:40","date_utc":"2019-12-18 09:12:40","modified":"2019-12-23 07:09:08","modified_utc":"2019-12-23 06:09:08","url":"https:\/\/hei.eus\/es\/organizador\/esescuela-abierta-de-la-ciudadania-heieuherritartasunerako-eskola-irekia-hei\/","organizer":"Escuela Abierta de la Ciudadan\u00eda (HEI)","slug":"esescuela-abierta-de-la-ciudadania-heieuherritartasunerako-eskola-irekia-hei","json_ld":{"@type":"Person","name":"Escuela Abierta de la Ciudadan\u00eda (HEI)","description":"","url":"","telephone":"","email":"","sameAs":""},"global_id":"hei.eus\/es?id=82","global_id_lineage":["hei.eus\/es?id=82"]}],"custom_fields":[],"json_ld":{"@context":"http:\/\/schema.org","@type":"Event","name":"Taller HEI: Escucha activa y empat\u00eda. Curso completo. Inscr\u00edbete y pasar\u00e1s a formar parte de la lista de espera","description":"&lt;p&gt;Curso incluido dentro de HEI Escuela Abierta de la Ciudadan\u00eda [&hellip;]&lt;\/p&gt;\\n","url":"https:\/\/hei.eus\/es\/eventos\/taller-hei-escucha-activa-y-empatia-curso-completo-inscribete-y-pasaras-a-formar-parte-de-la-lista-de-espera\/","eventAttendanceMode":"https:\/\/schema.org\/OfflineEventAttendanceMode","eventStatus":"https:\/\/schema.org\/EventScheduled","startDate":"2019-02-26T15:30:00+01:00","endDate":"2019-02-26T15:30:00+01:00","organizer":{"@type":"Person","name":"Escuela Abierta de la Ciudadan\u00eda (HEI)","description":"","url":"","telephone":"","email":"","sameAs":""},"performer":"Organization"}}