{"id":284074,"global_id":"hei.eus\/es?id=284074","global_id_lineage":["hei.eus\/es?id=284074"],"author":"3","status":"publish","date":"2020-09-02 07:56:36","date_utc":"2020-09-02 05:56:36","modified":"2020-09-30 12:26:32","modified_utc":"2020-09-30 10:26:32","url":"https:\/\/hei.eus\/es\/eventos\/la-nueva-ley-de-proteccion-de-datos-sabes-si-tu-asociacion-esta-al-dia\/","rest_url":"https:\/\/hei.eus\/es\/wp-json\/tribe\/events\/v1\/events\/284074","title":"La nueva Ley de Protecci\u00f3n de Datos \u00bfSabes si tu asociaci\u00f3n est\u00e1 al d\u00eda?","description":"<p> <!--ODT--> <\/p>\n<p>Curso incluido dentro de <a href=\"https:\/\/www.vitoria-gasteiz.org\/wb021\/was\/contenidoAction.do?uid=u12aa3e5_1576eff20cf__7e8b&amp;alias=&amp;idioma=es\">HEI Escuela Abierta de la Ciudadan\u00eda<\/a><\/p>\n<p><strong><img decoding=\"async\" src=\"https:\/\/www.vitoria-gasteiz.org\/docs\/wb021\/img\/gestor\/84\/22\/gi_48422.jpg\" alt=\"\" \/><\/strong><\/p>\n<p>Ley Org\u00e1nica 15\/1999, de 13 de diciembre, de Protecci\u00f3n de Datos de Car\u00e1cter Personal.<\/p>\n<p>Conoce c\u00f3mo garantizar la protecci\u00f3n de datos personales. El nuevo Reglamento General de Protecci\u00f3n de Datos, aplicable a partir del 25 de mayo de 2018<\/p>\n<p><strong>Fecha<\/strong>: 26 de marzo<\/p>\n<p><strong>Horario<\/strong>: 17:00 \u2013 19:00<\/p>\n<p><strong>Idioma<\/strong>: castellano<\/p>\n<p><strong>Lugar<\/strong>: Casa de Asociaciones Simona de Beauvoir, 2\u00aa planta. San Ignacio de Loyola, 8.<\/p>\n<p><strong>Dirigido a<\/strong>: entidades ciudadanas, asociaciones, fundaciones,\u2026<\/p>\n<p><strong>Colabora<\/strong>: Departamento de Administraci\u00f3n Municipal. Servicio de Secretar\u00eda T\u00e9cnica<\/p>\n<p><strong>Imparte<\/strong>: Ana Novoa. Responsable t\u00e9cnica de Seguridad de Datos del Ayuntamiento de Vitoria-Gasteiz.<\/p>\n<p><\/p>\n<div style=\"text-align: center\"><a href=\"https:\/\/www.vitoria-gasteiz.org\/j31-01w\/formularioViewer\/create?formularioId=270\" class=\"tribe-events-button\">INSCR\u00cdBETE<\/a><\/div>\n<h4>Inscripciones<\/h4>\n<p>Entrada gratuita previa inscripci\u00f3n. La inscripci\u00f3n puede hacerse v\u00eda <a href=\"https:\/\/www.vitoria-gasteiz.org\/j31-01w\/formularioViewer\/create?formularioId=270\">web<\/a>, llamando al tel\u00e9fono <a href=\"tel:010\" target=\"_blank\" rel=\"external noopener noreferrer\">010<\/a> (<a href=\"tel:+34945161100\" target=\"_blank\" rel=\"external noopener noreferrer\">945 161 100<\/a> si se llama desde fuera del municipio) o de manera presencial en las Oficinas de Atenci\u00f3n Ciudadana<\/p>\n<p>El plazo de inscripci\u00f3n estar\u00e1 abierto a partir del 2 de octubre de 2018 Las plazas de las actividades de la Escuela se adjudican por orden de inscripci\u00f3n.<\/p>\n<p>Si te has inscrito pero finalmente no puedes realizar la actividad, h\u00e1znoslo saber con anterioridad a la fecha del comienzo de la misma, llamando al 945 161687 \/ o en heieskola@vitoria-gasteiz.org. La baja en la actividad generar\u00e1 la posibilidad de que otra persona pueda inscribirse en la plaza que dejas libre.<\/p>\n<p>Se podr\u00e1 solicitar servicio de guarder\u00eda e int\u00e9rprete de lengua de signos, con 5 d\u00edas de antelaci\u00f3n a trav\u00e9s del correo electr\u00f3nico <a href=\"mailto:heieskola@vitoriagasteiz\" target=\"_blank\" rel=\"external noopener noreferrer\">heieskola@vitoriagasteiz.org<\/a> o en el tel\u00e9fono 945 16 16 87.<\/p>\n<p>Las actividades que no alcancen un n\u00famero m\u00ednimo de inscripciones podr\u00e1n ser suspendidas.<\/p>\n<p><\/p>","excerpt":"","slug":"la-nueva-ley-de-proteccion-de-datos-sabes-si-tu-asociacion-esta-al-dia","image":false,"all_day":false,"start_date":"2019-03-26 17:00","start_date_details":{"year":"2019","month":"03","day":"26","hour":"17","minutes":"00","seconds":"00"},"end_date":"2019-03-26 17:00","end_date_details":{"year":"2019","month":"03","day":"26","hour":"17","minutes":"00","seconds":"00"},"utc_start_date":"2019-03-26 16:00:00","utc_start_date_details":{"year":"2019","month":"03","day":"26","hour":"16","minutes":"00","seconds":"00"},"utc_end_date":"2019-03-26 16:00:00","utc_end_date_details":{"year":"2019","month":"03","day":"26","hour":"16","minutes":"00","seconds":"00"},"timezone":"Europe\/Madrid","timezone_abbr":"CET","cost":"","cost_details":{"currency_symbol":"","currency_code":"","currency_position":"prefix","values":[]},"website":"","show_map":false,"show_map_link":true,"hide_from_listings":false,"sticky":false,"featured":false,"categories":[{"name":"HEI EVENTOS","slug":"eventos","term_group":0,"term_taxonomy_id":129,"taxonomy":"tribe_events_cat","description":"","parent":0,"count":133,"filter":"raw","i18n_config":{"name":{"ts":{"es":"HEI EVENTOS","eu":"HEI EKITALDIAK"}}},"id":129,"urls":{"self":"https:\/\/hei.eus\/es\/wp-json\/tribe\/events\/v1\/categories\/129","collection":"https:\/\/hei.eus\/es\/wp-json\/tribe\/events\/v1\/categories"}}],"tags":[],"venue":[],"organizer":[{"id":82,"author":"2","status":"publish","date":"2019-12-18 10:12:40","date_utc":"2019-12-18 09:12:40","modified":"2019-12-23 07:09:08","modified_utc":"2019-12-23 06:09:08","url":"https:\/\/hei.eus\/es\/organizador\/esescuela-abierta-de-la-ciudadania-heieuherritartasunerako-eskola-irekia-hei\/","organizer":"Escuela Abierta de la Ciudadan\u00eda (HEI)","slug":"esescuela-abierta-de-la-ciudadania-heieuherritartasunerako-eskola-irekia-hei","json_ld":{"@type":"Person","name":"Escuela Abierta de la Ciudadan\u00eda (HEI)","description":"","url":"","telephone":"","email":"","sameAs":""},"global_id":"hei.eus\/es?id=82","global_id_lineage":["hei.eus\/es?id=82"]}],"custom_fields":[],"json_ld":{"@context":"http:\/\/schema.org","@type":"Event","name":"La nueva Ley de Protecci\u00f3n de Datos \u00bfSabes si tu asociaci\u00f3n est\u00e1 al d\u00eda?","description":"&lt;p&gt;Curso incluido dentro de HEI Escuela Abierta de la Ciudadan\u00eda [&hellip;]&lt;\/p&gt;\\n","url":"https:\/\/hei.eus\/es\/eventos\/la-nueva-ley-de-proteccion-de-datos-sabes-si-tu-asociacion-esta-al-dia\/","eventAttendanceMode":"https:\/\/schema.org\/OfflineEventAttendanceMode","eventStatus":"https:\/\/schema.org\/EventScheduled","startDate":"2019-03-26T17:00:00+01:00","endDate":"2019-03-26T17:00:00+01:00","organizer":{"@type":"Person","name":"Escuela Abierta de la Ciudadan\u00eda (HEI)","description":"","url":"","telephone":"","email":"","sameAs":""},"performer":"Organization"}}