{"id":572887,"global_id":"hei.eus\/es?id=572887","global_id_lineage":["hei.eus\/es?id=572887"],"author":"3","status":"publish","date":"2025-01-21 11:38:09","date_utc":"2025-01-21 10:38:09","modified":"2025-04-01 01:38:47","modified_utc":"2025-03-31 23:38:47","url":"https:\/\/hei.eus\/es\/eventos\/hei-lab-hei-kafea-gazteria-eta-parte-hartzea-gasteizen-nola-gaude-2\/","rest_url":"https:\/\/hei.eus\/es\/wp-json\/tribe\/events\/v1\/events\/572887","title":"HEI LAB. HEI KAFEA: Gazteria eta parte-hartzea Gasteizen: nola gaude?","description":"<p><!--IndexOFF--><!--IndexON--><\/p>\n<div class=\"card-header\">\n<div class=\"card-header__imagen\">\n<figure><img decoding=\"async\" src=\"https:\/\/www.vitoria-gasteiz.org\/docs\/wb021\/img\/gestor\/57\/84\/gi_85784.jpg\" alt=\"HEI KAFEA: Gazteria eta parte-hartzea Gasteizen: nola gaude?\"><\/figure>\n<\/div>\n<div class=\"card-header__content\">\n<ul class=\"card-event__info-list\">\n<li class=\"card-event__info card-event__info-calendar\">\n\t\t      26\/03\/2025\n\t\t    <\/li>\n<li class=\"card-event__info card-event__info-time\">\n\t\t      18:30\n\t\t    <\/li>\n<li class=\"card-event__info card-event__info-location\">\n\t\t      Las Terrazas de La Florida (parque de La Florida)\n\t\t    <\/li>\n<li class=\"card-event__info card-event__info-public\">\n\t\t      Todos los p\u00fablicos\n\t\t    <\/li>\n<li class=\"card-event__info card-event__info-lang\">\n\t\t      Euskera\n\t\t    <\/li>\n<\/ul><\/div>\n<\/div>\n<div>\n<p>HEI Eskola organiza un encuentro abierto alrededor de un caf\u00e9 para dialogar sobre temas relacionados con la ciudadan\u00eda y la participaci\u00f3n.<\/p>\n<p>Un espacio para compartir ideas, reflexionar juntos y enriquecernos con la perspectiva de una persona experta que nos acompa\u00f1ar\u00e1 en el tema propuesto.<\/p>\n<p>Dinamiza:<strong> Alicia Suso<\/strong><\/p>\n<p>Educadora social con un M\u00e1ster en Participaci\u00f3n y Desarrollo Comunitario, cuenta con una amplia trayectoria en el \u00e1mbito de la participaci\u00f3n desde diferentes perspectivas: instituciones p\u00fablicas, asociacionismo, movimientos sociales y entorno rural. Fue presidenta del Consejo de Juventud de Euskadi y, en los \u00faltimos a\u00f1os, ha trabajado en el acompa\u00f1amiento de personas voluntarias en inclusi\u00f3n social. Actualmente, se enfoca en la inclusi\u00f3n sociolaboral de personas en riesgo de exclusi\u00f3n y en el impulso de la econom\u00eda social y solidaria.<\/p>\n<\/div>\n<section id=\"apartadoEntrada\" class=\"\">\n<header>\n<h2>Acceso<\/h2>\n<\/header>\n<div>\n      <a class=\"boton\" href=\"https:\/\/www.vitoria-gasteiz.org\/j31-01w\/formularioViewer\/create?formularioId=974\" title=\"\">Invitaci\u00f3n<\/a><\/p>\n<dl>\n<dt>Fechas para solicitar invitaci\u00f3n<\/dt>\n<dd>Desde el 22\/01\/2025 08:30 hasta el 26\/03\/2025 13:00<\/dd>\n<\/dl>\n<p>&#8230;o hasta cubrir las plazas.\u00a0<\/p>\n<\/p><\/div>\n<\/section>\n<section>\n<header>\n<h2>M\u00e1s informaci\u00f3n<\/h2>\n<\/header>\n<div>\n<div>\n<p><strong>Te has apuntado y no puedes asistir:<\/strong><\/p>\n<ul>\n<li><a href=\"https:\/\/www.vitoria-gasteiz.org\/wb021\/was\/contenidoAction.do?idioma=es&amp;uid=u23831b22_18e3be68396__28a4\">Date de baja online<\/a>.<\/li>\n<li>Ll\u00e1manos al tel\u00e9fono: 945 161 687<\/li>\n<li>Escribe al correo <a href=\"mailto:heieskola@vitoria-gasteiz.org\" target=\"_blank\" rel=\"external noopener noreferrer\">heieskola@vitoria-gasteiz.org<\/a><\/li>\n<\/ul>\n<p>De esta manera podr\u00e1n asistir otras personas.<\/p>\n<p>La actividad puede quedar suspendida si no se apuntan suficientes personas.<\/p>\n<p>Actividad incluida dentro de <a href=\"http:\/\/www.vitoria-gasteiz.org\/we001\/was\/we001Action.do?idioma=es&amp;aplicacion=wb021&amp;tabla=contenido&amp;uid=u12aa3e5_1576eff20cf__7e8b&amp;alias\">HEI Escuela Abierta de la Ciudadan\u00eda.<\/a><\/p>\n<\/div><\/div>\n<\/section>\n<p>\t<!--ODT:start--><!--ODT:end--><br \/>\n<\/p>\n<div style=\"text-align: center\"><a href=\"https:\/\/www.vitoria-gasteiz.org\/j31-01w\/formularioViewer\/create?formularioId=974\" class=\"tribe-events-button\">INSCR\u00cdBETE<\/a><\/div>\n<p><\/p>","excerpt":"","slug":"hei-lab-hei-kafea-gazteria-eta-parte-hartzea-gasteizen-nola-gaude-2","image":false,"all_day":false,"start_date":"2025-03-26 18:30","start_date_details":{"year":"2025","month":"03","day":"26","hour":"18","minutes":"30","seconds":"00"},"end_date":"2025-03-26 20:30","end_date_details":{"year":"2025","month":"03","day":"26","hour":"20","minutes":"30","seconds":"00"},"utc_start_date":"2025-03-26 17:30:00","utc_start_date_details":{"year":"2025","month":"03","day":"26","hour":"17","minutes":"30","seconds":"00"},"utc_end_date":"2025-03-26 19:30:00","utc_end_date_details":{"year":"2025","month":"03","day":"26","hour":"19","minutes":"30","seconds":"00"},"timezone":"Europe\/Madrid","timezone_abbr":"CET","cost":"","cost_details":{"currency_symbol":"","currency_code":"","currency_position":"prefix","values":[]},"website":"","show_map":false,"show_map_link":true,"hide_from_listings":false,"sticky":false,"featured":false,"categories":[{"name":"HEI LAB","slug":"lab","term_group":0,"term_taxonomy_id":134,"taxonomy":"tribe_events_cat","description":"","parent":0,"count":29,"filter":"raw","i18n_config":{"name":{"ts":{"es":"HEI LAB","eu":"HEI LAB"}}},"id":134,"urls":{"self":"https:\/\/hei.eus\/es\/wp-json\/tribe\/events\/v1\/categories\/134","collection":"https:\/\/hei.eus\/es\/wp-json\/tribe\/events\/v1\/categories"}}],"tags":[],"venue":[],"organizer":[{"id":82,"author":"2","status":"publish","date":"2019-12-18 10:12:40","date_utc":"2019-12-18 09:12:40","modified":"2019-12-23 07:09:08","modified_utc":"2019-12-23 06:09:08","url":"https:\/\/hei.eus\/es\/organizador\/esescuela-abierta-de-la-ciudadania-heieuherritartasunerako-eskola-irekia-hei\/","organizer":"Escuela Abierta de la Ciudadan\u00eda (HEI)","slug":"esescuela-abierta-de-la-ciudadania-heieuherritartasunerako-eskola-irekia-hei","json_ld":{"@type":"Person","name":"Escuela Abierta de la Ciudadan\u00eda (HEI)","description":"","url":"","telephone":"","email":"","sameAs":""},"global_id":"hei.eus\/es?id=82","global_id_lineage":["hei.eus\/es?id=82"]}],"custom_fields":[],"json_ld":{"@context":"http:\/\/schema.org","@type":"Event","name":"HEI LAB. HEI KAFEA: Gazteria eta parte-hartzea Gasteizen: nola gaude?","description":"&lt;p&gt;26\/03\/2025 18:30 Las Terrazas de La Florida (parque de La [&hellip;]&lt;\/p&gt;\\n","url":"https:\/\/hei.eus\/es\/eventos\/hei-lab-hei-kafea-gazteria-eta-parte-hartzea-gasteizen-nola-gaude-2\/","eventAttendanceMode":"https:\/\/schema.org\/OfflineEventAttendanceMode","eventStatus":"https:\/\/schema.org\/EventScheduled","startDate":"2025-03-26T18:30:00+01:00","endDate":"2025-03-26T20:30:00+01:00","organizer":{"@type":"Person","name":"Escuela Abierta de la Ciudadan\u00eda (HEI)","description":"","url":"","telephone":"","email":"","sameAs":""},"performer":"Organization"}}